{"id":13711,"date":"2024-02-20T19:41:00","date_gmt":"2024-02-20T17:41:00","guid":{"rendered":"https:\/\/sup-gal.ig-edu.univ-paris13.fr\/index.php\/2024\/02\/20\/gala-de-lecole-clone\/"},"modified":"2024-02-21T10:17:21","modified_gmt":"2024-02-21T08:17:21","slug":"accueil-de-lyceens-pour-une-journee-en-cp2i","status":"publish","type":"post","link":"https:\/\/www.sup-galilee.univ-paris13.fr\/index.php\/2024\/02\/20\/accueil-de-lyceens-pour-une-journee-en-cp2i\/","title":{"rendered":"Accueil de lyc\u00e9ens pour une journ\u00e9e en CP2i"},"content":{"rendered":"<div id=\"pl-13711\"  class=\"panel-layout\" ><div id=\"pg-13711-0\"  class=\"panel-grid panel-no-style\" ><div id=\"pgc-13711-0-0\"  class=\"panel-grid-cell\" ><div id=\"panel-13711-0-0-0\" class=\"so-panel widget widget_heading panel-first-child panel-last-child\" data-index=\"0\" ><div class=\"thim-widget-heading template-base\"><div class=\"sc_heading  \"><h3 class=\"title\">Une journ\u00e9e compl\u00e8te d\u2019immersion en CP2i  \ud83d\udc40 \ud83e\udd3f<\/h3><span class=\"line\"><\/span><\/div><\/div><\/div><\/div><\/div><div id=\"pg-13711-1\"  class=\"panel-grid panel-no-style\" ><div id=\"pgc-13711-1-0\"  class=\"panel-grid-cell\" ><div id=\"panel-13711-1-0-0\" class=\"so-panel widget widget_sow-editor panel-first-child panel-last-child\" data-index=\"1\" ><div\n\t\t\t\n\t\t\tclass=\"so-widget-sow-editor so-widget-sow-editor-base\"\n\t\t\t\n\t\t>\n<div class=\"siteorigin-widget-tinymce textwidget\">\n\t<p>Un <strong>groupe de lyc\u00e9ens<\/strong> a \u00e9t\u00e9 accueilli \u00e0 l\u2019\u00c9cole Sup Galil\u00e9e pour une<strong> journ\u00e9e d\u2019immersion en CP2i<\/strong>. Ils ont pu d\u00e9couvrir l\u2019\u00c9cole et son campus : salles de cours, biblioth\u00e8que, \u00e9quipements sportifs, restaurants\u2026<\/p>\n<p>&nbsp;<\/p>\n<p>Cette journ\u00e9e a aussi \u00e9t\u00e9 l\u2019occasion pour eux d\u2019<strong>\u00e9changer avec nos \u00e9tudiants CP2i<\/strong> notamment pendant le d\u00e9jeuner et d'<strong>assister \u00e0 deux s\u00e9ances d\u2019enseignements<\/strong>. Un premier contact avec la vie des \u00e9tudiants en cursus pr\u00e9paratoire Sup Galil\u00e9e. <span style=\"font-weight: 400;\">\ud83d\ude0a<\/span><\/p>\n<\/div>\n<\/div><\/div><\/div><\/div><div id=\"pg-13711-2\"  class=\"panel-grid panel-no-style\" ><div id=\"pgc-13711-2-0\"  class=\"panel-grid-cell\" ><div id=\"panel-13711-2-0-0\" class=\"so-panel widget widget_empty-space panel-first-child panel-last-child\" data-index=\"2\" ><div class=\"thim-widget-empty-space template-base\"><div class=\"empty_space\" style=\"height:30px\"><\/div><\/div><\/div><\/div><\/div><\/div>","protected":false},"excerpt":{"rendered":"<p>Un groupe de lyc\u00e9ens a \u00e9t\u00e9 accueilli \u00e0 l\u2019\u00c9cole Sup Galil\u00e9e pour une journ\u00e9e d\u2019immersion en CP2i. Ils ont pu d\u00e9couvrir l\u2019\u00c9cole et son campus : salles de cours, biblioth\u00e8que, \u00e9quipements sportifs, restaurants\u2026 &nbsp; Cette journ\u00e9e a aussi \u00e9t\u00e9 l\u2019occasion &hellip; <\/p>\n","protected":false},"author":2,"featured_media":13713,"comment_status":"closed","ping_status":"closed","sticky":false,"template":"","format":"standard","meta":{"footnotes":""},"categories":[6951],"tags":[],"class_list":["post-13711","post","type-post","status-publish","format-standard","has-post-thumbnail","hentry","category-actualites"],"_links":{"self":[{"href":"https:\/\/www.sup-galilee.univ-paris13.fr\/index.php\/wp-json\/wp\/v2\/posts\/13711","targetHints":{"allow":["GET"]}}],"collection":[{"href":"https:\/\/www.sup-galilee.univ-paris13.fr\/index.php\/wp-json\/wp\/v2\/posts"}],"about":[{"href":"https:\/\/www.sup-galilee.univ-paris13.fr\/index.php\/wp-json\/wp\/v2\/types\/post"}],"author":[{"embeddable":true,"href":"https:\/\/www.sup-galilee.univ-paris13.fr\/index.php\/wp-json\/wp\/v2\/users\/2"}],"replies":[{"embeddable":true,"href":"https:\/\/www.sup-galilee.univ-paris13.fr\/index.php\/wp-json\/wp\/v2\/comments?post=13711"}],"version-history":[{"count":3,"href":"https:\/\/www.sup-galilee.univ-paris13.fr\/index.php\/wp-json\/wp\/v2\/posts\/13711\/revisions"}],"predecessor-version":[{"id":13720,"href":"https:\/\/www.sup-galilee.univ-paris13.fr\/index.php\/wp-json\/wp\/v2\/posts\/13711\/revisions\/13720"}],"wp:featuredmedia":[{"embeddable":true,"href":"https:\/\/www.sup-galilee.univ-paris13.fr\/index.php\/wp-json\/wp\/v2\/media\/13713"}],"wp:attachment":[{"href":"https:\/\/www.sup-galilee.univ-paris13.fr\/index.php\/wp-json\/wp\/v2\/media?parent=13711"}],"wp:term":[{"taxonomy":"category","embeddable":true,"href":"https:\/\/www.sup-galilee.univ-paris13.fr\/index.php\/wp-json\/wp\/v2\/categories?post=13711"},{"taxonomy":"post_tag","embeddable":true,"href":"https:\/\/www.sup-galilee.univ-paris13.fr\/index.php\/wp-json\/wp\/v2\/tags?post=13711"}],"curies":[{"name":"wp","href":"https:\/\/api.w.org\/{rel}","templated":true}]}}