{"id":14588,"date":"2026-03-10T15:14:55","date_gmt":"2026-03-10T13:14:55","guid":{"rendered":"https:\/\/www.sup-galilee.univ-paris13.fr\/?p=14588"},"modified":"2026-03-10T15:26:28","modified_gmt":"2026-03-10T13:26:28","slug":"video-de-linstitut-galilee-aux-mines-de-paris-psl-un-parcours-dexcellence-en-apprentissage-dans-lingenierie-du-gaz-en-partenariat-avec-grdf","status":"publish","type":"post","link":"https:\/\/www.sup-galilee.univ-paris13.fr\/index.php\/2026\/03\/10\/video-de-linstitut-galilee-aux-mines-de-paris-psl-un-parcours-dexcellence-en-apprentissage-dans-lingenierie-du-gaz-en-partenariat-avec-grdf\/","title":{"rendered":"VIDEO. De l\u2019Institut Galil\u00e9e aux Mines de Paris PSL : un parcours d\u2019excellence en apprentissage dans l\u2019ing\u00e9nierie du gaz en partenariat avec GRDF."},"content":{"rendered":"<p>\ud83c\udfac NOUVELLE VIDEO YOUTUBE SUR LA CHAINE DE L\u2019INSTITUT GALIL\u00c9E !<br \/>\n\ud83d\ude80<strong>De l\u2019<a class=\"zUrkGMbNXQbxnQgMlmDJxDCQEVRHSQAVxNrzBij \" tabindex=\"0\" href=\"https:\/\/www.linkedin.com\/company\/institut-galil%C3%A9e-sorbonne-paris-nord\/\" target=\"_self\" rel=\"noopener noreferrer\" data-test-app-aware-link=\"\">Institut Galil\u00e9e<\/a>\u00a0aux\u00a0<a class=\"zUrkGMbNXQbxnQgMlmDJxDCQEVRHSQAVxNrzBij \" tabindex=\"0\" href=\"https:\/\/www.linkedin.com\/company\/minesparis\/\" target=\"_self\" rel=\"noopener noreferrer\" data-test-app-aware-link=\"\">Mines Paris \u2013 PSL<\/a>\u00a0: un parcours d\u2019excellence en apprentissage dans l\u2019ing\u00e9nierie du gaz en partenariat avec\u00a0<a class=\"zUrkGMbNXQbxnQgMlmDJxDCQEVRHSQAVxNrzBij \" tabindex=\"0\" href=\"https:\/\/www.linkedin.com\/company\/grdf\/\" target=\"_self\" rel=\"noopener noreferrer\" data-test-app-aware-link=\"\">GRDF<\/a>.<\/strong><\/p>\n<p>D\u00e9couvrez le parcours de\u00a0<a id=\"ember1057\" class=\"ember-view\" tabindex=\"0\" href=\"https:\/\/www.linkedin.com\/in\/celya-lebrache\/\">Celya LEBRACHE<\/a>,\u00a0<a id=\"ember1058\" class=\"ember-view\" tabindex=\"0\" href=\"https:\/\/www.linkedin.com\/in\/matthieu-sapally-8302b51b9\/\">Matthieu SAPALLY<\/a>\u00a0(Alumni de la formation Ing\u00e9nieur \u00c9nerg\u00e9tique de\u00a0<a class=\"zUrkGMbNXQbxnQgMlmDJxDCQEVRHSQAVxNrzBij \" tabindex=\"0\" href=\"https:\/\/www.linkedin.com\/company\/sup-galil%C3%A9e\/\" target=\"_self\" rel=\"noopener noreferrer\" data-test-app-aware-link=\"\">Sup Galil\u00e9e<\/a>) et\u00a0<a id=\"ember1059\" class=\"ember-view\" tabindex=\"0\" href=\"https:\/\/www.linkedin.com\/in\/lena-cheblal-742b71197\/\">Lena Cheblal<\/a>\u00a0(Master 2 G\u00e9nie des Proc\u00e9d\u00e9s) ! \ud83c\udf93<\/p>\n<p>Cette vid\u00e9o met notamment en avant la richesse de la passerelle acad\u00e9mique entre l\u2019<a class=\"zUrkGMbNXQbxnQgMlmDJxDCQEVRHSQAVxNrzBij \" tabindex=\"0\" href=\"https:\/\/www.linkedin.com\/company\/institut-galil%C3%A9e-sorbonne-paris-nord\/\" target=\"_self\" rel=\"noopener noreferrer\" data-test-app-aware-link=\"\">Institut Galil\u00e9e<\/a>\u00a0de l\u2019<a class=\"zUrkGMbNXQbxnQgMlmDJxDCQEVRHSQAVxNrzBij \" tabindex=\"0\" href=\"https:\/\/www.linkedin.com\/company\/universit%C3%A9-sorbonne-paris-nord\/\" target=\"_self\" rel=\"noopener noreferrer\" data-test-app-aware-link=\"\">Universit\u00e9 Sorbonne Paris Nord<\/a>\u00a0et les\u00a0<a class=\"zUrkGMbNXQbxnQgMlmDJxDCQEVRHSQAVxNrzBij \" tabindex=\"0\" href=\"https:\/\/www.linkedin.com\/company\/minesparis\/\" target=\"_self\" rel=\"noopener noreferrer\" data-test-app-aware-link=\"\">Mines Paris \u2013 PSL<\/a>. Elle cible \u00e9galement l\u2019importance de la formation de terrain indispensable aux futurs cadres de ce domaine. Elle illustre aussi la force de notre partenariat avec\u00a0<a class=\"zUrkGMbNXQbxnQgMlmDJxDCQEVRHSQAVxNrzBij \" tabindex=\"0\" href=\"https:\/\/www.linkedin.com\/company\/grdf\/\" target=\"_self\" rel=\"noopener noreferrer\" data-test-app-aware-link=\"\">GRDF<\/a>, partenaire historique de l\u2019<a class=\"zUrkGMbNXQbxnQgMlmDJxDCQEVRHSQAVxNrzBij \" tabindex=\"0\" href=\"https:\/\/www.linkedin.com\/company\/institut-galil%C3%A9e-sorbonne-paris-nord\/\" target=\"_self\" rel=\"noopener noreferrer\" data-test-app-aware-link=\"\">Institut Galil\u00e9e<\/a>\u00a0depuis plus de 15 ans.<\/p>\n<p>Bravo \u00e0 nos Alumni pour leur poursuite d\u2019\u00e9tude et plein de bonnes choses pour leurs futures carri\u00e8res dans le gaz ! \ud83d\udc4f<\/p>\n<p>&nbsp;<\/p>\n<p>\ud83d\udd17 Retrouvez la vid\u00e9o directement sur Youtube :\u00a0<a class=\"zUrkGMbNXQbxnQgMlmDJxDCQEVRHSQAVxNrzBij \" tabindex=\"0\" href=\"https:\/\/lnkd.in\/evVxKdZW\" target=\"_self\" rel=\"noopener noreferrer\" data-test-app-aware-link=\"\">https:\/\/lnkd.in\/evVxKdZW<\/a><\/p>\n<p><iframe loading=\"lazy\" title=\"De l&#039;Institut Galil\u00e9e aux Mines Paris PSL en partenariat avec GRDF\" width=\"640\" height=\"360\" src=\"https:\/\/www.youtube.com\/embed\/0fMUbOcBu_8?feature=oembed\" frameborder=\"0\" allow=\"accelerometer; autoplay; clipboard-write; encrypted-media; gyroscope; picture-in-picture; web-share\" referrerpolicy=\"strict-origin-when-cross-origin\" allowfullscreen><\/iframe><\/p>\n<p>&nbsp;<\/p>\n","protected":false},"excerpt":{"rendered":"<p>\ud83c\udfac NOUVELLE VIDEO YOUTUBE SUR LA CHAINE DE L\u2019INSTITUT GALIL\u00c9E ! \ud83d\ude80De l\u2019Institut Galil\u00e9e\u00a0aux\u00a0Mines Paris \u2013 PSL\u00a0: un parcours d\u2019excellence en apprentissage dans l\u2019ing\u00e9nierie du gaz en partenariat avec\u00a0GRDF. D\u00e9couvrez le parcours de\u00a0Celya LEBRACHE,\u00a0Matthieu SAPALLY\u00a0(Alumni de la formation Ing\u00e9nieur \u00c9nerg\u00e9tique &hellip; <\/p>\n","protected":false},"author":2,"featured_media":14591,"comment_status":"closed","ping_status":"closed","sticky":false,"template":"","format":"standard","meta":{"footnotes":""},"categories":[6951],"tags":[],"class_list":["post-14588","post","type-post","status-publish","format-standard","has-post-thumbnail","hentry","category-actualites"],"_links":{"self":[{"href":"https:\/\/www.sup-galilee.univ-paris13.fr\/index.php\/wp-json\/wp\/v2\/posts\/14588","targetHints":{"allow":["GET"]}}],"collection":[{"href":"https:\/\/www.sup-galilee.univ-paris13.fr\/index.php\/wp-json\/wp\/v2\/posts"}],"about":[{"href":"https:\/\/www.sup-galilee.univ-paris13.fr\/index.php\/wp-json\/wp\/v2\/types\/post"}],"author":[{"embeddable":true,"href":"https:\/\/www.sup-galilee.univ-paris13.fr\/index.php\/wp-json\/wp\/v2\/users\/2"}],"replies":[{"embeddable":true,"href":"https:\/\/www.sup-galilee.univ-paris13.fr\/index.php\/wp-json\/wp\/v2\/comments?post=14588"}],"version-history":[{"count":1,"href":"https:\/\/www.sup-galilee.univ-paris13.fr\/index.php\/wp-json\/wp\/v2\/posts\/14588\/revisions"}],"predecessor-version":[{"id":14589,"href":"https:\/\/www.sup-galilee.univ-paris13.fr\/index.php\/wp-json\/wp\/v2\/posts\/14588\/revisions\/14589"}],"wp:featuredmedia":[{"embeddable":true,"href":"https:\/\/www.sup-galilee.univ-paris13.fr\/index.php\/wp-json\/wp\/v2\/media\/14591"}],"wp:attachment":[{"href":"https:\/\/www.sup-galilee.univ-paris13.fr\/index.php\/wp-json\/wp\/v2\/media?parent=14588"}],"wp:term":[{"taxonomy":"category","embeddable":true,"href":"https:\/\/www.sup-galilee.univ-paris13.fr\/index.php\/wp-json\/wp\/v2\/categories?post=14588"},{"taxonomy":"post_tag","embeddable":true,"href":"https:\/\/www.sup-galilee.univ-paris13.fr\/index.php\/wp-json\/wp\/v2\/tags?post=14588"}],"curies":[{"name":"wp","href":"https:\/\/api.w.org\/{rel}","templated":true}]}}