{"id":14595,"date":"2026-04-13T09:49:58","date_gmt":"2026-04-13T07:49:58","guid":{"rendered":"https:\/\/www.sup-galilee.univ-paris13.fr\/?p=14595"},"modified":"2026-04-13T09:51:20","modified_gmt":"2026-04-13T07:51:20","slug":"edf-x-sup-galilee-booster-lemployabilite-en-alternance-de-nos-futurs-ingenieurs","status":"publish","type":"post","link":"https:\/\/www.sup-galilee.univ-paris13.fr\/index.php\/2026\/04\/13\/edf-x-sup-galilee-booster-lemployabilite-en-alternance-de-nos-futurs-ingenieurs\/","title":{"rendered":"EDF x Sup Galil\u00e9e : Booster l&#8217;employabilit\u00e9 en alternance de nos futurs ing\u00e9nieurs !"},"content":{"rendered":"<p>Le vendredi 10 avril, c\u2019est avec un grand plaisir que Sup Galil\u00e9e a accueilli deux expertes du groupe EDF pour un atelier RH exclusif sp\u00e9ciale alternance !<br \/>\nUn grand merci \u00e0 Mme <a id=\"ember562\" class=\"ember-view\" tabindex=\"0\" href=\"https:\/\/www.linkedin.com\/in\/raphalenlaetitia\/\">Laetitia Raphalen<\/a> et Mme <a id=\"ember563\" class=\"ember-view\" tabindex=\"0\" href=\"https:\/\/www.linkedin.com\/in\/anissa-abdelaziz-lemboub-96196ab9\/\">Anissa ABDELAZIZ LEMBOUB<\/a> pour leur pr\u00e9sence et leur engagement aupr\u00e8s de nos \u00e9l\u00e8ves ing\u00e9nieurs de Sup Galil\u00e9e des fili\u00e8res \u00c9nerg\u00e9tique et Informatique.<\/p>\n<p><strong>Objectif : Faire la diff\u00e9rence sur le march\u00e9 du travail<\/strong><br \/>\n\u200bDans un secteur de l&rsquo;\u00e9nergie et du num\u00e9rique en pleine mutation, savoir valoriser ses comp\u00e9tences techniques et ses soft skills est essentiel. Cet atelier RH a \u00e9t\u00e9 con\u00e7u pour donner les cl\u00e9s du succ\u00e8s \u00e0 nos \u00e9l\u00e8ves ing\u00e9nieurs, notamment dans le cadre de leur recherche d&rsquo;apprentissage.\u200b<\/p>\n<p><strong>Au programme de cet apr\u00e8s-midi :<\/strong><br \/>\nComment optimiser ses candidatures en concevant des cv et des lettres de motivation de mani\u00e8re structurer<\/p>\n<p>.<br \/>\nComment prospecter efficacement une offre.<br \/>\nComment se diff\u00e9rencier sur le march\u00e9 de l&#8217;emploi.<\/p>\n<p>\u200bUn immense merci \u00e0 nos intervenantes pour leurs conseils pr\u00e9cieux et leur bienveillance. Nos \u00e9tudiants repartent aujourd&rsquo;hui avec des outils concrets pour transformer leurs candidatures en opportunit\u00e9s.<\/p>\n<p>&nbsp;<\/p>\n<div id='gallery-1' class='gallery galleryid-14595 gallery-columns-3 gallery-size-thumbnail'><figure class='gallery-item'>\n\t\t\t<div class='gallery-icon landscape'>\n\t\t\t\t<a href='https:\/\/www.sup-galilee.univ-paris13.fr\/index.php\/2026\/04\/13\/edf-x-sup-galilee-booster-lemployabilite-en-alternance-de-nos-futurs-ingenieurs\/attachment\/1775741838157\/'><img loading=\"lazy\" decoding=\"async\" width=\"150\" height=\"150\" src=\"https:\/\/www.sup-galilee.univ-paris13.fr\/wp-content\/uploads\/2026\/04\/1775741838157-150x150.jpg\" class=\"attachment-thumbnail size-thumbnail\" alt=\"\" \/><\/a>\n\t\t\t<\/div><\/figure><figure class='gallery-item'>\n\t\t\t<div class='gallery-icon landscape'>\n\t\t\t\t<a href='https:\/\/www.sup-galilee.univ-paris13.fr\/index.php\/2026\/04\/13\/edf-x-sup-galilee-booster-lemployabilite-en-alternance-de-nos-futurs-ingenieurs\/attachment\/1775741838050\/'><img loading=\"lazy\" decoding=\"async\" width=\"150\" height=\"150\" src=\"https:\/\/www.sup-galilee.univ-paris13.fr\/wp-content\/uploads\/2026\/04\/1775741838050-150x150.jpg\" class=\"attachment-thumbnail size-thumbnail\" alt=\"\" \/><\/a>\n\t\t\t<\/div><\/figure><figure class='gallery-item'>\n\t\t\t<div class='gallery-icon landscape'>\n\t\t\t\t<a href='https:\/\/www.sup-galilee.univ-paris13.fr\/index.php\/2026\/04\/13\/edf-x-sup-galilee-booster-lemployabilite-en-alternance-de-nos-futurs-ingenieurs\/attachment\/1775741837921\/'><img loading=\"lazy\" decoding=\"async\" width=\"150\" height=\"150\" src=\"https:\/\/www.sup-galilee.univ-paris13.fr\/wp-content\/uploads\/2026\/04\/1775741837921-150x150.jpg\" class=\"attachment-thumbnail size-thumbnail\" alt=\"\" \/><\/a>\n\t\t\t<\/div><\/figure>\n\t\t<\/div>\n\n","protected":false},"excerpt":{"rendered":"<p>Le vendredi 10 avril, c\u2019est avec un grand plaisir que Sup Galil\u00e9e a accueilli deux expertes du groupe EDF pour un atelier RH exclusif sp\u00e9ciale alternance ! Un grand merci \u00e0 Mme Laetitia Raphalen et Mme Anissa ABDELAZIZ LEMBOUB pour &hellip; <\/p>\n","protected":false},"author":2,"featured_media":14596,"comment_status":"closed","ping_status":"closed","sticky":false,"template":"","format":"standard","meta":{"footnotes":""},"categories":[6951],"tags":[],"class_list":["post-14595","post","type-post","status-publish","format-standard","has-post-thumbnail","hentry","category-actualites"],"_links":{"self":[{"href":"https:\/\/www.sup-galilee.univ-paris13.fr\/index.php\/wp-json\/wp\/v2\/posts\/14595","targetHints":{"allow":["GET"]}}],"collection":[{"href":"https:\/\/www.sup-galilee.univ-paris13.fr\/index.php\/wp-json\/wp\/v2\/posts"}],"about":[{"href":"https:\/\/www.sup-galilee.univ-paris13.fr\/index.php\/wp-json\/wp\/v2\/types\/post"}],"author":[{"embeddable":true,"href":"https:\/\/www.sup-galilee.univ-paris13.fr\/index.php\/wp-json\/wp\/v2\/users\/2"}],"replies":[{"embeddable":true,"href":"https:\/\/www.sup-galilee.univ-paris13.fr\/index.php\/wp-json\/wp\/v2\/comments?post=14595"}],"version-history":[{"count":1,"href":"https:\/\/www.sup-galilee.univ-paris13.fr\/index.php\/wp-json\/wp\/v2\/posts\/14595\/revisions"}],"predecessor-version":[{"id":14600,"href":"https:\/\/www.sup-galilee.univ-paris13.fr\/index.php\/wp-json\/wp\/v2\/posts\/14595\/revisions\/14600"}],"wp:featuredmedia":[{"embeddable":true,"href":"https:\/\/www.sup-galilee.univ-paris13.fr\/index.php\/wp-json\/wp\/v2\/media\/14596"}],"wp:attachment":[{"href":"https:\/\/www.sup-galilee.univ-paris13.fr\/index.php\/wp-json\/wp\/v2\/media?parent=14595"}],"wp:term":[{"taxonomy":"category","embeddable":true,"href":"https:\/\/www.sup-galilee.univ-paris13.fr\/index.php\/wp-json\/wp\/v2\/categories?post=14595"},{"taxonomy":"post_tag","embeddable":true,"href":"https:\/\/www.sup-galilee.univ-paris13.fr\/index.php\/wp-json\/wp\/v2\/tags?post=14595"}],"curies":[{"name":"wp","href":"https:\/\/api.w.org\/{rel}","templated":true}]}}